{"id":2598,"date":"2026-03-06T10:33:29","date_gmt":"2026-03-06T10:33:29","guid":{"rendered":"http:\/\/block1898.de\/?p=2598"},"modified":"2026-03-20T13:54:14","modified_gmt":"2026-03-20T13:54:14","slug":"spendensammlung-jonathan-heimes-platz","status":"publish","type":"post","link":"http:\/\/block1898.de\/?p=2598","title":{"rendered":"Spendensammlung f\u00fcr einen Jonathan-Heimes-Platz erfolgreich abgeschlossen!"},"content":{"rendered":"\n<div class=\"gfm-embed\" data-url=\"https:\/\/www.gofundme.com\/f\/jonathanheimesplatz\/widget\/large?sharesheet=undefined&amp;attribution_id=sl:088ca832-b5c3-49a8-9d88-aa4f7ca99525\"><\/div><script defer=\"\" src=\"https:\/\/www.gofundme.com\/static\/js\/embed.js\"><\/script>\n\n\n\n<p>Vielen Dank f\u00fcr Eure gro\u00dfz\u00fcgigen Spende f\u00fcr die Errichtung eines Jonathan-Heimes-Platzes in unserem Stadion. Wir haben unser Spendenziel von 9.800 Euro dank Eurer Hilfe nach nicht mal einer Woche erreicht und setzen nun alles an eine schnellstm\u00f6gliche Umsetzung des gemeinsam abgestimmten Konzeptes. \u00dcbersch\u00fcssige Spenden flie\u00dfen direkt in die DMK-Stiftung.<\/p>\n\n\n\n<p><strong>Vielen DAnk!<\/strong><br><em>S\u00fcdtrib\u00fcne Darmstadt<\/em><\/p>\n\n\n\n<hr class=\"wp-block-separator has-alpha-channel-opacity\"\/>\n\n\n\n<p><strong>Der urspr\u00fcngliche Spendenaufruf:<\/strong><br>Am 8. M\u00e4rz 2016, am Sonntag vor 10 Jahren, verstarb Jonathan &#8222;Johnny&#8220; Heimes. Ein Heiner, dessen gro\u00dfes Wirken in einem leider viel zu kurzen Leben bis heute einen besonderen Platz in der Lilien-Historie einnimmt.<\/p>\n\n\n\n<p>Sein Umgang mit dem eigenen Schicksal und der Antrieb, anderen Mut zu schenken haben bei unserer Mannschaft 2014-2016 dazu beigetragen, dass unser Sportverein wieder zu seiner alten Gr\u00f6\u00dfe zur\u00fcckgekehrt ist. Die Geschichte rund um Johnnys B\u00e4ndchen vor dem R\u00fcckspiel in Bielefeld ist episch.<\/p>\n\n\n\n<p>Aus diesem Grund ist es uns wichtig, ihm und seiner Geschichte einen besonderen Ort f\u00fcr alle Lilienfans aus allen Stadionbereichen zu schaffen. Einem Ort der Begegnung, des Krafttankens und einem Ort der Erinnerung.<\/p>\n\n\n\n<p>Wir haben in Abstimmung mit Familie Heimes und dem SV 98 daf\u00fcr ein Konzept f\u00fcr eine Begegnungsst\u00e4tte im Umlauf des Stadions ausgearbeitet. Einem Ort von Lilienfans f\u00fcr Lilienfans. Johnny lebt in unser aller K\u00f6pfe weiter, deswegen sehen wir es auch als unsere Aufgabe an, dass wir Fans sein Verm\u00e4chtnis bewahren und weitertragen: F\u00fcr die Gestaltung bitten wir daher alle Heiner, einen kleinen Beitrag zu leisten und Johnnys Geschichte dadurch einen eigenen Platz geben.<\/p>\n\n\n\n<p>DU MUSST K\u00c4MPFEN! war sein Motto, das wir dabei gern unterstreichen m\u00f6chten. \u00dcbersch\u00fcssige Spenden werden wir daher auch direkt seiner DMK-Stiftung zukommen lassen, die wir bereits seit vielen Jahren bei verschiedenen Anl\u00e4ssen unterst\u00fctzen.<\/p>\n\n\n\n<p>Unser Spendenziel sind 9.800 Euro. Bei den vielen 98ern, die auch durch Johnny in den letzten Jahren so viele gro\u00dfe Momente erleben durften mit Sicherheit eine machbare Summe. Wir sammeln online via Gofundme sowie beim Heimspiel am Samstag gegen Kiel vor und nach dem Spiel an den Eing\u00e4ngen. <\/p>\n\n\n\n<p><em><strong>Verbreitet unser Vorhaben und den Link<\/strong><\/em>: <strong><em><mark style=\"background-color:rgba(0, 0, 0, 0)\" class=\"has-inline-color has-vivid-cyan-blue-color\"><a href=\"https:\/\/www.gofundme.com\/f\/jonathanheimesplatz \">https:\/\/www.gofundme.com\/jonathanheimesplatz <\/a><\/mark><\/em><\/strong><\/p>\n\n\n\n<p><strong>DU MUSST K\u00c4MPFEN!<\/strong><\/p>\n\n\n\n<p><strong>F\u00dcR EINEN JONATHAN-HEIMES-PLATZ!<\/strong><\/p>\n\n\n\n<p><em>S\u00fcdtrib\u00fcne \/ Gegengerade \/ A-Block \/ Fanbeirat<\/em><\/p>\n\n\n\n<figure class=\"wp-block-image size-large\"><a href=\"https:\/\/gofund.me\/19c75e2db\"><img decoding=\"async\" loading=\"lazy\" width=\"1024\" height=\"1024\" src=\"http:\/\/block1898.de\/wp-content\/uploads\/2026\/03\/Spendensammlung_Sharepic-1024x1024.jpg\" alt=\"\" class=\"wp-image-2618\" srcset=\"http:\/\/block1898.de\/wp-content\/uploads\/2026\/03\/Spendensammlung_Sharepic-1024x1024.jpg 1024w, http:\/\/block1898.de\/wp-content\/uploads\/2026\/03\/Spendensammlung_Sharepic-300x300.jpg 300w, http:\/\/block1898.de\/wp-content\/uploads\/2026\/03\/Spendensammlung_Sharepic-150x150.jpg 150w, http:\/\/block1898.de\/wp-content\/uploads\/2026\/03\/Spendensammlung_Sharepic-768x768.jpg 768w, http:\/\/block1898.de\/wp-content\/uploads\/2026\/03\/Spendensammlung_Sharepic-1536x1536.jpg 1536w, http:\/\/block1898.de\/wp-content\/uploads\/2026\/03\/Spendensammlung_Sharepic.jpg 1800w\" sizes=\"(max-width: 1024px) 100vw, 1024px\" \/><\/a><\/figure>\n\n\n\n<figure class=\"wp-block-embed is-type-video is-provider-youtube wp-block-embed-youtube wp-embed-aspect-16-9 wp-has-aspect-ratio\"><div class=\"wp-block-embed__wrapper\">\n<iframe loading=\"lazy\" title=\"Darmstadt 98 | Fan-Choreo zu Ehren Johnny Heimes&#039; #RIPJohnny\" width=\"618\" height=\"348\" src=\"https:\/\/www.youtube.com\/embed\/syVGLNGxGbQ?feature=oembed\" frameborder=\"0\" allow=\"accelerometer; autoplay; clipboard-write; encrypted-media; gyroscope; picture-in-picture; web-share\" referrerpolicy=\"strict-origin-when-cross-origin\" allowfullscreen><\/iframe>\n<\/div><\/figure>\n","protected":false},"excerpt":{"rendered":"<p>Vielen Dank f\u00fcr Eure gro\u00dfz\u00fcgigen Spende f\u00fcr die Errichtung eines Jonathan-Heimes-Platzes in unserem Stadion. Wir haben unser Spendenziel von 9.800 Euro dank Eurer Hilfe nach nicht mal einer Woche erreicht und setzen nun alles an eine schnellstm\u00f6gliche Umsetzung des gemeinsam abgestimmten Konzeptes. \u00dcbersch\u00fcssige Spenden flie\u00dfen direkt in die DMK-Stiftung. Vielen DAnk!S\u00fcdtrib\u00fcne Darmstadt Der urspr\u00fcngliche Spendenaufruf:Am &#8230;<\/p>\n","protected":false},"author":2,"featured_media":2618,"comment_status":"closed","ping_status":"closed","sticky":false,"template":"","format":"standard","meta":[],"categories":[1],"tags":[],"_links":{"self":[{"href":"http:\/\/block1898.de\/index.php?rest_route=\/wp\/v2\/posts\/2598"}],"collection":[{"href":"http:\/\/block1898.de\/index.php?rest_route=\/wp\/v2\/posts"}],"about":[{"href":"http:\/\/block1898.de\/index.php?rest_route=\/wp\/v2\/types\/post"}],"author":[{"embeddable":true,"href":"http:\/\/block1898.de\/index.php?rest_route=\/wp\/v2\/users\/2"}],"replies":[{"embeddable":true,"href":"http:\/\/block1898.de\/index.php?rest_route=%2Fwp%2Fv2%2Fcomments&post=2598"}],"version-history":[{"count":9,"href":"http:\/\/block1898.de\/index.php?rest_route=\/wp\/v2\/posts\/2598\/revisions"}],"predecessor-version":[{"id":2671,"href":"http:\/\/block1898.de\/index.php?rest_route=\/wp\/v2\/posts\/2598\/revisions\/2671"}],"wp:featuredmedia":[{"embeddable":true,"href":"http:\/\/block1898.de\/index.php?rest_route=\/wp\/v2\/media\/2618"}],"wp:attachment":[{"href":"http:\/\/block1898.de\/index.php?rest_route=%2Fwp%2Fv2%2Fmedia&parent=2598"}],"wp:term":[{"taxonomy":"category","embeddable":true,"href":"http:\/\/block1898.de\/index.php?rest_route=%2Fwp%2Fv2%2Fcategories&post=2598"},{"taxonomy":"post_tag","embeddable":true,"href":"http:\/\/block1898.de\/index.php?rest_route=%2Fwp%2Fv2%2Ftags&post=2598"}],"curies":[{"name":"wp","href":"https:\/\/api.w.org\/{rel}","templated":true}]}}