{"id":2573,"date":"2025-12-12T12:00:00","date_gmt":"2025-12-12T12:00:00","guid":{"rendered":"http:\/\/block1898.de\/?p=2573"},"modified":"2025-12-11T21:22:46","modified_gmt":"2025-12-11T21:22:46","slug":"fans-vereine-gemeinsam-weiter-gegen-populismus","status":"publish","type":"post","link":"http:\/\/block1898.de\/?p=2573","title":{"rendered":"Fans &amp; Vereine: Gemeinsam weiter gegen Populismus!"},"content":{"rendered":"\n<p>Die letzten Wochen dominierte der Protest gegen die Ma\u00dfnahmen, die bei der Innenministerkonferenz in Bremen zur Debatte standen, unsere Spieltage.<\/p>\n\n\n\n<p>Immerhin konnten bereits vor Beginn der IMK erste kleine Erfolge verzeichnet werden. Absurde Ma\u00dfnahmen wie personalisierte Tickets, Gesichtsscanner sowie KI-Methoden an Stadioneing\u00e4ngen waren bereits vor Konferenzbeginn vom Tisch.<br><br>Neben den Protesten der Fanszenen in den Stadien und auf den Stra\u00dfen standen auch unsere Vereine in ungewohnter Geschlossenheit entschieden hinter uns und den Protesten. Wir erkennen das ausdr\u00fccklich positiv an!<\/p>\n\n\n\n<p>Dennoch bleiben nach der IMK gro\u00dfe Bedenken. Beschlossen wurde die Einrichtung einer zentralen Stadionverbotskommission. Hierbei tappen Fans und Vereine weiterhin im Dunkeln, was diese Kommission schlussendlich wirklich f\u00fcr Rechte und Pflichten hat, wie sie sich personell zusammensetzt und welche Konsequenzen sie f\u00fcr Fans und Vereine hat.<br><br>F\u00fcr uns ist klar, dass dieses neu geschaffene Gremium lokale Vertrauens- und Arbeitsprozesse schw\u00e4cht, einen Keil zwischen Fans und Vereine treibt und weiterhin mit Entschiedenheit abzulehnen ist.<br>Wir appellieren an unsere Vereine, gegen\u00fcber Verb\u00e4nden und Politik stark zu bleiben und sich weiterhin konsequent gegen die geplante zentrale SV-Kommission auszusprechen. Auch das Thema Pyrotechnik spielt weiterhin eine gro\u00dfe Rolle und ist den Law-and-Order-Politikern ein Dorn im Auge.<br><br>Wir sind \u00fcberzeugt, dass wir gemeinsam als Fans und Vereine einen langen Atem brauchen, um der Politik auch bei diesem Thema konsequent die Stirn zu bieten und l\u00f6sungsorientiert an der Thematik zu arbeiten, anstatt populistischen Worth\u00fclsen auf den Leim zu gehen.<\/p>\n\n\n\n<p>Die n\u00e4chste Innenministerkonferenz kommt und unser Kampf f\u00fcr freie und selbstbestimmte Kurven ist noch lange nicht vorbei.<\/p>\n\n\n\n<p>Lasst uns wie in den vergangenen Wochen diesen Weg weiterhin gemeinsam gehen. F\u00fcr unsere Kurven. F\u00fcr unsere Vereine. F\u00fcr die einzigartige Fankultur in Deutschland.<\/p>\n\n\n\n<p><em>Die Fanszenen Deutschlands im Dezember 2025<\/em><\/p>\n","protected":false},"excerpt":{"rendered":"<p>Die letzten Wochen dominierte der Protest gegen die Ma\u00dfnahmen, die bei der Innenministerkonferenz in Bremen zur Debatte standen, unsere Spieltage. Immerhin konnten bereits vor Beginn der IMK erste kleine Erfolge verzeichnet werden. Absurde Ma\u00dfnahmen wie personalisierte Tickets, Gesichtsscanner sowie KI-Methoden an Stadioneing\u00e4ngen waren bereits vor Konferenzbeginn vom Tisch.Neben den Protesten der Fanszenen in den Stadien &#8230;<\/p>\n","protected":false},"author":2,"featured_media":2574,"comment_status":"closed","ping_status":"closed","sticky":false,"template":"","format":"standard","meta":[],"categories":[1],"tags":[],"_links":{"self":[{"href":"http:\/\/block1898.de\/index.php?rest_route=\/wp\/v2\/posts\/2573"}],"collection":[{"href":"http:\/\/block1898.de\/index.php?rest_route=\/wp\/v2\/posts"}],"about":[{"href":"http:\/\/block1898.de\/index.php?rest_route=\/wp\/v2\/types\/post"}],"author":[{"embeddable":true,"href":"http:\/\/block1898.de\/index.php?rest_route=\/wp\/v2\/users\/2"}],"replies":[{"embeddable":true,"href":"http:\/\/block1898.de\/index.php?rest_route=%2Fwp%2Fv2%2Fcomments&post=2573"}],"version-history":[{"count":1,"href":"http:\/\/block1898.de\/index.php?rest_route=\/wp\/v2\/posts\/2573\/revisions"}],"predecessor-version":[{"id":2575,"href":"http:\/\/block1898.de\/index.php?rest_route=\/wp\/v2\/posts\/2573\/revisions\/2575"}],"wp:featuredmedia":[{"embeddable":true,"href":"http:\/\/block1898.de\/index.php?rest_route=\/wp\/v2\/media\/2574"}],"wp:attachment":[{"href":"http:\/\/block1898.de\/index.php?rest_route=%2Fwp%2Fv2%2Fmedia&parent=2573"}],"wp:term":[{"taxonomy":"category","embeddable":true,"href":"http:\/\/block1898.de\/index.php?rest_route=%2Fwp%2Fv2%2Fcategories&post=2573"},{"taxonomy":"post_tag","embeddable":true,"href":"http:\/\/block1898.de\/index.php?rest_route=%2Fwp%2Fv2%2Ftags&post=2573"}],"curies":[{"name":"wp","href":"https:\/\/api.w.org\/{rel}","templated":true}]}}