{"id":1543,"date":"2019-08-22T07:25:20","date_gmt":"2019-08-22T07:25:20","guid":{"rendered":"http:\/\/block1898.de\/?p=1543"},"modified":"2019-08-22T07:25:20","modified_gmt":"2019-08-22T07:25:20","slug":"suedtribuenen-bemalung","status":"publish","type":"post","link":"http:\/\/block1898.de\/?p=1543","title":{"rendered":"S\u00fcdtrib\u00fcnen Bemalung"},"content":{"rendered":"<p><a href=\"http:\/\/block1898.de\/wp-content\/uploads\/2019\/08\/69335629_1824582917645374_7583023313824251904_o.jpg\"><img decoding=\"async\" loading=\"lazy\" class=\"aligncenter size-full wp-image-1547\" src=\"http:\/\/block1898.de\/wp-content\/uploads\/2019\/08\/69335629_1824582917645374_7583023313824251904_o.jpg\" alt=\"\" width=\"1882\" height=\"640\" srcset=\"http:\/\/block1898.de\/wp-content\/uploads\/2019\/08\/69335629_1824582917645374_7583023313824251904_o.jpg 1882w, http:\/\/block1898.de\/wp-content\/uploads\/2019\/08\/69335629_1824582917645374_7583023313824251904_o-300x102.jpg 300w, http:\/\/block1898.de\/wp-content\/uploads\/2019\/08\/69335629_1824582917645374_7583023313824251904_o-768x261.jpg 768w, http:\/\/block1898.de\/wp-content\/uploads\/2019\/08\/69335629_1824582917645374_7583023313824251904_o-1024x348.jpg 1024w\" sizes=\"(max-width: 1882px) 100vw, 1882px\" \/><\/a><\/p>\n<p>Zum kommenden Heimspiel gegen Dynamo Dresden wurde die R\u00fcckwand der S\u00fcdtrib\u00fcne von Seiten der Fanszene des Block1898 mit einem 71m langen Wandbild versch\u00f6nert. Die <a class=\"profileLink\" href=\"https:\/\/www.facebook.com\/SV98Fanabteilung\/?__tn__=K-R&amp;eid=ARDiq-9MYbqwL0lsubNigPgEAbo9AVaDpJJCGb_MZK-tt0zIfpQ4Xemztb9rT3UP05V9kisnxdYSU_MA&amp;fref=mentions&amp;__xts__%5B0%5D=68.ARCBDk5_O8AptWVaDOCqvIKo5jbUEenXCdcdgXT8k8ujCbrPKtvpgFEMGbX52s2iG3YQ5oxiSfloLLaBT3h4AdVRtXprKU5HJywat5HsnBqDsnpJMFzWTGzKBYkdlmaMjpkPm8yk8W4KxuBBa2cjadZEG15ErWb7zV_9nr5HItaN5KqW66vFzFwpOOG8jUY8G-Lzz8q1O6D7JiiIX6HoBjg9UPayQU_JAAGpgOi36xrx6iI0tT9VU3iFfWk-ccEK0AdPN_W346BGtzznXuLf9DMY1pPjFxpqz7O9dQF5XCUgWyhfafgbXjDGpBRRzws2CDlQMdUKE_PwSFJtZ4v2riNOPA\" data-hovercard=\"\/ajax\/hovercard\/page.php?id=119341741550436&amp;extragetparams=%7B%22__tn__%22%3A%22%2CdK-R-R%22%2C%22eid%22%3A%22ARDiq-9MYbqwL0lsubNigPgEAbo9AVaDpJJCGb_MZK-tt0zIfpQ4Xemztb9rT3UP05V9kisnxdYSU_MA%22%2C%22fref%22%3A%22mentions%22%7D\" data-hovercard-prefer-more-content-show=\"1\">SV Darmstadt 98 FuFa<\/a> stiftete daf\u00fcr die ben\u00f6tigten Farben und half dabei die Wand f\u00fcr das Lilien-Kunstwerk vorzubereiten. Gemeinsam mit dem Zusammenschluss der S\u00fcdtrib\u00fcne Darmstadt entstand somit ein Bild auf dem neben Vereins- und Stadtwappen diverse Bauwerke, Sehensw\u00fcrdigkeiten und Eigenh<span class=\"text_exposed_show\">eiten Darmstadts zu sehen sind. Abgerundet wurde dies mit dem Stadtnamen und dem Logo der S\u00fcdtrib\u00fcne.<\/span><\/p>\n<div class=\"text_exposed_show\">\n<p>Das Bild soll nur der Auftakt f\u00fcr mehrere kreative Versch\u00f6nerungsaktionen unseres Stadions sein, die geplant sind sobald die Bauarbeiten an den anderen Trib\u00fcnen abgeschlossen sind.<\/p>\n<p>Auf der S\u00fcdtrib\u00fcne werden dazu am Freitag in der Halbzeit noch Spenden f\u00fcr diese und weitere Versch\u00f6nerungsaktionen gesammelt. Hauptverantwortlich f\u00fcr das Bild war der K\u00fcnstler \u201eSpraywatz\u201c, der auch private Auftragsarbeiten anbietet. Wer Interesse hat, kann sich unter <a class=\"profileLink\" href=\"https:\/\/www.facebook.com\/spraywatz\/?__tn__=K-R&amp;eid=ARABtORMJjotWnOVZdGn1byHKVLtFfJy93RN2G9LW10lnxOZPHdT4u-SIaxSt9rGNo_Va5lPwgCh-5F-&amp;fref=mentions&amp;__xts__%5B0%5D=68.ARCBDk5_O8AptWVaDOCqvIKo5jbUEenXCdcdgXT8k8ujCbrPKtvpgFEMGbX52s2iG3YQ5oxiSfloLLaBT3h4AdVRtXprKU5HJywat5HsnBqDsnpJMFzWTGzKBYkdlmaMjpkPm8yk8W4KxuBBa2cjadZEG15ErWb7zV_9nr5HItaN5KqW66vFzFwpOOG8jUY8G-Lzz8q1O6D7JiiIX6HoBjg9UPayQU_JAAGpgOi36xrx6iI0tT9VU3iFfWk-ccEK0AdPN_W346BGtzznXuLf9DMY1pPjFxpqz7O9dQF5XCUgWyhfafgbXjDGpBRRzws2CDlQMdUKE_PwSFJtZ4v2riNOPA\" data-hovercard=\"\/ajax\/hovercard\/page.php?id=1598640693738039&amp;extragetparams=%7B%22__tn__%22%3A%22%2CdK-R-R%22%2C%22eid%22%3A%22ARABtORMJjotWnOVZdGn1byHKVLtFfJy93RN2G9LW10lnxOZPHdT4u-SIaxSt9rGNo_Va5lPwgCh-5F-%22%2C%22fref%22%3A%22mentions%22%7D\" data-hovercard-prefer-more-content-show=\"1\">Spraywatz<\/a> bei ihm melden.<\/p>\n<p><strong>Vielen Dank an alle Beteiligten! <\/strong><br \/>\n<strong>Schmei\u00dft Freitag was in die Eimer f\u00fcr ein kreatives, farbenfrohes B\u00f6llenfalltor!<\/strong><\/p>\n<p><a href=\"http:\/\/block1898.de\/wp-content\/uploads\/2019\/08\/69506897_1824582914312041_451088067067904000_n.jpg\"><img decoding=\"async\" loading=\"lazy\" class=\"aligncenter size-full wp-image-1548\" src=\"http:\/\/block1898.de\/wp-content\/uploads\/2019\/08\/69506897_1824582914312041_451088067067904000_n.jpg\" alt=\"\" width=\"960\" height=\"720\" srcset=\"http:\/\/block1898.de\/wp-content\/uploads\/2019\/08\/69506897_1824582914312041_451088067067904000_n.jpg 960w, http:\/\/block1898.de\/wp-content\/uploads\/2019\/08\/69506897_1824582914312041_451088067067904000_n-300x225.jpg 300w, http:\/\/block1898.de\/wp-content\/uploads\/2019\/08\/69506897_1824582914312041_451088067067904000_n-768x576.jpg 768w\" sizes=\"(max-width: 960px) 100vw, 960px\" \/><\/a> <a href=\"http:\/\/block1898.de\/wp-content\/uploads\/2019\/08\/69263708_1824582997645366_6656346225215799296_n.jpg\"><img decoding=\"async\" loading=\"lazy\" class=\"aligncenter size-full wp-image-1546\" src=\"http:\/\/block1898.de\/wp-content\/uploads\/2019\/08\/69263708_1824582997645366_6656346225215799296_n.jpg\" alt=\"\" width=\"960\" height=\"720\" srcset=\"http:\/\/block1898.de\/wp-content\/uploads\/2019\/08\/69263708_1824582997645366_6656346225215799296_n.jpg 960w, http:\/\/block1898.de\/wp-content\/uploads\/2019\/08\/69263708_1824582997645366_6656346225215799296_n-300x225.jpg 300w, http:\/\/block1898.de\/wp-content\/uploads\/2019\/08\/69263708_1824582997645366_6656346225215799296_n-768x576.jpg 768w\" sizes=\"(max-width: 960px) 100vw, 960px\" \/><\/a> <a href=\"http:\/\/block1898.de\/wp-content\/uploads\/2019\/08\/69079992_1824583064312026_5454774814298341376_n.jpg\"><img decoding=\"async\" loading=\"lazy\" class=\"aligncenter size-full wp-image-1545\" src=\"http:\/\/block1898.de\/wp-content\/uploads\/2019\/08\/69079992_1824583064312026_5454774814298341376_n.jpg\" alt=\"\" width=\"960\" height=\"720\" srcset=\"http:\/\/block1898.de\/wp-content\/uploads\/2019\/08\/69079992_1824583064312026_5454774814298341376_n.jpg 960w, http:\/\/block1898.de\/wp-content\/uploads\/2019\/08\/69079992_1824583064312026_5454774814298341376_n-300x225.jpg 300w, http:\/\/block1898.de\/wp-content\/uploads\/2019\/08\/69079992_1824583064312026_5454774814298341376_n-768x576.jpg 768w\" sizes=\"(max-width: 960px) 100vw, 960px\" \/><\/a> <a href=\"http:\/\/block1898.de\/wp-content\/uploads\/2019\/08\/68887287_1824582987645367_2862629177759105024_n.jpg\"><img decoding=\"async\" loading=\"lazy\" class=\"aligncenter size-full wp-image-1544\" src=\"http:\/\/block1898.de\/wp-content\/uploads\/2019\/08\/68887287_1824582987645367_2862629177759105024_n.jpg\" alt=\"\" width=\"960\" height=\"720\" srcset=\"http:\/\/block1898.de\/wp-content\/uploads\/2019\/08\/68887287_1824582987645367_2862629177759105024_n.jpg 960w, http:\/\/block1898.de\/wp-content\/uploads\/2019\/08\/68887287_1824582987645367_2862629177759105024_n-300x225.jpg 300w, http:\/\/block1898.de\/wp-content\/uploads\/2019\/08\/68887287_1824582987645367_2862629177759105024_n-768x576.jpg 768w\" sizes=\"(max-width: 960px) 100vw, 960px\" \/><\/a><\/p>\n<\/div>\n","protected":false},"excerpt":{"rendered":"<p>Zum kommenden Heimspiel gegen Dynamo Dresden wurde die R\u00fcckwand der S\u00fcdtrib\u00fcne von Seiten der Fanszene des Block1898 mit einem 71m langen Wandbild versch\u00f6nert. Die SV Darmstadt 98 FuFa stiftete daf\u00fcr die ben\u00f6tigten Farben und half dabei die Wand f\u00fcr das Lilien-Kunstwerk vorzubereiten. Gemeinsam mit dem Zusammenschluss der S\u00fcdtrib\u00fcne Darmstadt entstand somit ein Bild auf dem &#8230;<\/p>\n","protected":false},"author":2,"featured_media":1544,"comment_status":"closed","ping_status":"closed","sticky":false,"template":"","format":"standard","meta":[],"categories":[1],"tags":[],"_links":{"self":[{"href":"http:\/\/block1898.de\/index.php?rest_route=\/wp\/v2\/posts\/1543"}],"collection":[{"href":"http:\/\/block1898.de\/index.php?rest_route=\/wp\/v2\/posts"}],"about":[{"href":"http:\/\/block1898.de\/index.php?rest_route=\/wp\/v2\/types\/post"}],"author":[{"embeddable":true,"href":"http:\/\/block1898.de\/index.php?rest_route=\/wp\/v2\/users\/2"}],"replies":[{"embeddable":true,"href":"http:\/\/block1898.de\/index.php?rest_route=%2Fwp%2Fv2%2Fcomments&post=1543"}],"version-history":[{"count":1,"href":"http:\/\/block1898.de\/index.php?rest_route=\/wp\/v2\/posts\/1543\/revisions"}],"predecessor-version":[{"id":1549,"href":"http:\/\/block1898.de\/index.php?rest_route=\/wp\/v2\/posts\/1543\/revisions\/1549"}],"wp:featuredmedia":[{"embeddable":true,"href":"http:\/\/block1898.de\/index.php?rest_route=\/wp\/v2\/media\/1544"}],"wp:attachment":[{"href":"http:\/\/block1898.de\/index.php?rest_route=%2Fwp%2Fv2%2Fmedia&parent=1543"}],"wp:term":[{"taxonomy":"category","embeddable":true,"href":"http:\/\/block1898.de\/index.php?rest_route=%2Fwp%2Fv2%2Fcategories&post=1543"},{"taxonomy":"post_tag","embeddable":true,"href":"http:\/\/block1898.de\/index.php?rest_route=%2Fwp%2Fv2%2Ftags&post=1543"}],"curies":[{"name":"wp","href":"https:\/\/api.w.org\/{rel}","templated":true}]}}