{"id":1525,"date":"2019-07-09T07:41:27","date_gmt":"2019-07-09T07:41:27","guid":{"rendered":"http:\/\/block1898.de\/?p=1525"},"modified":"2019-07-09T07:41:59","modified_gmt":"2019-07-09T07:41:59","slug":"fan-tastic-females-ausstellung","status":"publish","type":"post","link":"http:\/\/block1898.de\/?p=1525","title":{"rendered":"FAN.TASTIC FEMALES Ausstellung"},"content":{"rendered":"<p><strong>SOMMERPAUSEN-TIPP:<\/strong><br \/>\n<strong>FAN.TASTIC FEMALES AUSSTELLUNG<\/strong><br \/>\n<strong>16.-26.07. im Justus-Liebig-Haus<\/strong><\/p>\n<p>Am 16. Juli er\u00f6ffnet die <em>Fan.tastic Females Ausstellung<\/em>, organisiert von <a class=\"profileLink\" href=\"https:\/\/www.facebook.com\/SV98Fanabteilung\/?__tn__=K-R&amp;eid=ARC75P-YJLOgez-4uGsusen5UBAZKqhJzT6zPx4HnFKf_rFTsQmx2B7T9HpQaNrTVrQEvvTcAJLcaqK_&amp;fref=mentions&amp;__xts__%5B0%5D=68.ARC4tG2B2pZrFmIYO7IutN7aQi7SbJicRKzKYaxPMFa4mSfJNAo23D4dDOGGFynkJ5jG0c6QBPGsjq7Ph15T_AFjmnGK5rlykJ7vsyr2VTKi6Bmy8Mkd0KO4sokpcPxZk7UiCueFHcw89kHDK5K8m33cYsxJN1P5lP7Df9RZkTUpT5HhiF3-fsHbBG5uezljpKag8N8IYXQ0M54yCmiatOaFYafFuADI6jszyi00RwVhmj5-8tpvpySrXqy6Z1GeqAuyUIf3kfmzwSR6QVIfMmZmFF48uMDmTlkEn_CKJFDt1LpKa8pu0O4O3UoEdYvzLv9xwPbFUHLfawTTjEP4Ge3voA\" data-hovercard=\"\/ajax\/hovercard\/page.php?id=119341741550436&amp;extragetparams=%7B%22__tn__%22%3A%22%2CdK-R-R%22%2C%22eid%22%3A%22ARC75P-YJLOgez-4uGsusen5UBAZKqhJzT6zPx4HnFKf_rFTsQmx2B7T9HpQaNrTVrQEvvTcAJLcaqK_%22%2C%22fref%22%3A%22mentions%22%7D\" data-hovercard-prefer-more-content-show=\"1\">SV Darmstadt 98 FuFa<\/a>, dem Fanprojekt Darmstadt und vielen weiteren, engagierten Lilienfans, im Justus-Liebig-Haus. Die Wanderausstellung ist seit fast einem Jahr auf Tour durch Deutschland und Europa, ehe sie jetzt vom 16. bis 26..07. bei uns in Darmstadt Station macht. Im Justus-Liebig-Haus ist sie dann t\u00e4glich von 10<span class=\"text_exposed_show\"> bis 19 Uhr besuchbar.<\/span><\/p>\n<div class=\"text_exposed_show\">\n<p>Es erwarten Euch \u00fcber 80 Miniportraits von weiblichen Fans aus 21 L\u00e4ndern. Ihr m\u00fcsst nur Eure Kopfh\u00f6rer und Euer Smartphone einstecken, um die Videos mit einem QR-Code Scanner zu streamen. Dazu gibt es beinahe t\u00e4glich Workshops und Veranstaltungen f\u00fcr, \u00fcber und mit fu\u00dfballbegeisterten Frauen:<\/p>\n<p><strong>Ort:<\/strong><br \/>\nJustus-Liebig-Haus (Foyer), Gro\u00dfe Bachgasse 2, 64283 Darmstadt<\/p>\n<p><strong>Rahmenprogramm:<\/strong><\/p>\n<p><strong>Dienstag, 16.07.19, 19 Uhr (Justus-Liebig-Haus)<\/strong><br \/>\n<strong>Offizielle Er\u00f6ffnung<\/strong> <em>u.a. mit Gru\u00dfworten von Markus Pfitzner (Vize-Pr\u00e4sident des SV Darmstadt 98), Manuela Schon (Frauenb\u00fcro der Stadt Darmstadt), Antje Hagel (Fan.Tastic Females Project Crew) und den veranstaltenden Organisationen.<\/em><\/p>\n<p><strong>Mittwoch, 17.07.19, 15.30 Uhr (Justus-Liebig-Haus)<\/strong><br \/>\n<strong>Kreativ-Workshop von Frauen f\u00fcr Frauen<\/strong><br \/>\n<em>Im Rahmen eines Kreativworkshops haben alle M\u00e4dels und Frauen aus der Kurve die M\u00f6glichkeit, kleinere Fahnen und Doppelhalter sowie Jutebeutel selbst zu gestalten. Kommt vorbei und lasst Eurer Kreativit\u00e4t freien Lauf!<\/em><\/p>\n<p><strong>Mittwoch, 17.07.19, 19 Uhr (Justus-Liebig-Haus)<\/strong><br \/>\n<strong>Filmabend: &#8222;Railroad All-Stars&#8220; (Original mit engl. Untertitel)<\/strong><br \/>\n<em>Der Dokumentarfilm der Regisseurin Chema Rodriguez wurde von mehreren internationalen Filmfestivals ausgezeichnet. &#8222;Railroad All-Stars&#8220; ist der Name eines Fu\u00dfballteams von Frauen, die als Prostituierte arbeiten &#8211; zwei Dollar pro Dienstleistung &#8211; direkt an einer Eisenbahnlinie in Guatemala. Sie erleben t\u00e4glich Missbrauch, Polizei\u00fcbergriffe und Schm\u00e4hungen f\u00fcr die Art ihres Lebensunterhalts-Erwerbs. Um auf ihre Situation aufmerksam zu machen und ihre Rechte einzufordern, beschlie\u00dfen sie, sich f\u00fcr eine lokale Frauen-Liga anzumelden. Nach der ersten Partie werden sie wegen ihres &#8222;Berufs&#8220; von der Meisterschaft ausgeschlossen. Das schl\u00e4gt mediale Wellen und f\u00fchrt zu einer landesweiten Kontroverse, die das Leben der Frauen ver\u00e4ndern wird.<\/em><br \/>\n<em>Der Film bebildert die Lebensumst\u00e4nde dieser Frauen eindr\u00fccklich. Er zeigt traumatische Erlebnisse aus der Vergangenheit, ihren Kampfgeist und \u00dcberlebenswillen in der Gegenwart und deren gemeinschaftliche Hoffnung auf eine positivere Zukunft.<\/em><\/p>\n<p><strong>Dienstag, 23.07.19, 19 Uhr (Justus-Liebig-Haus)<\/strong><br \/>\n<strong>Vortrag: \u201e&#8230;Deine Mutter hatt&#8216; ich schon.\u201c<\/strong> <strong>Sexismus im Fu\u00dfball und wie weibliche Fans damit umgehen (Antje Hagel)<br \/>\n<\/strong><em>Frauen und M\u00e4dchen erleben Fu\u00dfball als Ort, der sie anzieht und abst\u00f6\u00dft. Sexismus im Fu\u00dfball und Fu\u00dfball als Ort, an dem Frauen endlich mal das sein k\u00f6nnen, was sie wollen, n\u00e4mlich Fu\u00dfballfans, sind zwei Seiten einer Medaille. Sexismus ist in der Kurve nicht nur f\u00fcr alle h\u00f6rbar, sondern f\u00fcr Frauen auch ganz konkret sp\u00fcrbar. Denn unter Sexismus im Fu\u00dfball m\u00fcssen nicht nur \u00c4u\u00dferungen, Darstellungen und Taten, die Frauen aufgrund ihres Geschlechts einschr\u00e4nken oder diskriminieren, gefasst werden, vielmehr kommen auch k\u00f6rperliche Bedrohungen oder Gewaltanwendung gegen Frauen hinzu. <\/em><br \/>\n<em>Der Vortrag von Antje Hagel beleuchtet beide Seiten und erkl\u00e4rt dabei, welche K\u00e4mpfe Frauen im Fu\u00dfball f\u00fchren m\u00fcssen und welche Pl\u00e4tze sie im Fu\u00dfball bereits erobert haben.<\/em><br \/>\n<em>Der Vortrag zeigt Bilder, Geschichten und die Analysen, die dahinter stehen k\u00f6nnen.<\/em><\/p>\n<p><strong>Mittwoch, 24.07.19, 18 Uhr (Merck-Stadion am B\u00f6llenfalltor)<\/strong><br \/>\n<strong>Grillabend von Frauen f\u00fcr Frauen<br \/>\n<\/strong><em>Um einander besser kennenzulernen, m\u00f6chten wir mit allen weiblichen Lilienfans gemeinsam am Stadion grillen. F\u00fcr einen Grill wird gesorgt sein, bitte bringt Euer Grillgut selbst mit. Wir freuen uns \u00fcber jede, die vorbeischaut!<\/em><\/p>\n<p><strong>Donnerstag, 25.07.19, 19 Uhr (Justus-Liebig-Haus)<\/strong><br \/>\n<strong>Talkrunde: &#8222;Weiblich, m\u00e4nnlich &#8211; schei\u00dfegal?! Wie viel Geschlecht hat der Fu\u00dfball?&#8220; u.a. mit Daniela Wurbs (Ausstellungsmacherin), Sophia Gerschel (BAG) und einer Fanvertreterin aus Bern. Moderation: Sonja Pahl (Sportreporterin von Hit-Radio-FFH)<\/strong><\/p>\n<\/div>\n","protected":false},"excerpt":{"rendered":"<p>SOMMERPAUSEN-TIPP: FAN.TASTIC FEMALES AUSSTELLUNG 16.-26.07. im Justus-Liebig-Haus Am 16. Juli er\u00f6ffnet die Fan.tastic Females Ausstellung, organisiert von SV Darmstadt 98 FuFa, dem Fanprojekt Darmstadt und vielen weiteren, engagierten Lilienfans, im Justus-Liebig-Haus. Die Wanderausstellung ist seit fast einem Jahr auf Tour durch Deutschland und Europa, ehe sie jetzt vom 16. bis 26..07. bei uns in Darmstadt &#8230;<\/p>\n","protected":false},"author":2,"featured_media":1526,"comment_status":"closed","ping_status":"closed","sticky":false,"template":"","format":"standard","meta":[],"categories":[1,14],"tags":[],"_links":{"self":[{"href":"http:\/\/block1898.de\/index.php?rest_route=\/wp\/v2\/posts\/1525"}],"collection":[{"href":"http:\/\/block1898.de\/index.php?rest_route=\/wp\/v2\/posts"}],"about":[{"href":"http:\/\/block1898.de\/index.php?rest_route=\/wp\/v2\/types\/post"}],"author":[{"embeddable":true,"href":"http:\/\/block1898.de\/index.php?rest_route=\/wp\/v2\/users\/2"}],"replies":[{"embeddable":true,"href":"http:\/\/block1898.de\/index.php?rest_route=%2Fwp%2Fv2%2Fcomments&post=1525"}],"version-history":[{"count":2,"href":"http:\/\/block1898.de\/index.php?rest_route=\/wp\/v2\/posts\/1525\/revisions"}],"predecessor-version":[{"id":1528,"href":"http:\/\/block1898.de\/index.php?rest_route=\/wp\/v2\/posts\/1525\/revisions\/1528"}],"wp:featuredmedia":[{"embeddable":true,"href":"http:\/\/block1898.de\/index.php?rest_route=\/wp\/v2\/media\/1526"}],"wp:attachment":[{"href":"http:\/\/block1898.de\/index.php?rest_route=%2Fwp%2Fv2%2Fmedia&parent=1525"}],"wp:term":[{"taxonomy":"category","embeddable":true,"href":"http:\/\/block1898.de\/index.php?rest_route=%2Fwp%2Fv2%2Fcategories&post=1525"},{"taxonomy":"post_tag","embeddable":true,"href":"http:\/\/block1898.de\/index.php?rest_route=%2Fwp%2Fv2%2Ftags&post=1525"}],"curies":[{"name":"wp","href":"https:\/\/api.w.org\/{rel}","templated":true}]}}